{"id":340,"date":"2019-05-27T12:25:23","date_gmt":"2019-05-27T10:25:23","guid":{"rendered":"https:\/\/mvgrombach.de\/bigband\/?p=340"},"modified":"2019-06-19T12:32:18","modified_gmt":"2019-06-19T10:32:18","slug":"buga-heilbronn","status":"publish","type":"post","link":"https:\/\/mvgrombach.de\/bigband\/2019\/05\/buga-heilbronn\/","title":{"rendered":"BUGA Heilbronn"},"content":{"rendered":"\t\t<div data-elementor-type=\"wp-post\" data-elementor-id=\"340\" class=\"elementor elementor-340\">\n\t\t\t\t\t\t<section class=\"elementor-section elementor-top-section elementor-element elementor-element-fba3d8e elementor-section-boxed elementor-section-height-default elementor-section-height-default\" data-id=\"fba3d8e\" data-element_type=\"section\">\n\t\t\t\t\t\t<div class=\"elementor-container elementor-column-gap-default\">\n\t\t\t\t\t<div class=\"elementor-column elementor-col-100 elementor-top-column elementor-element elementor-element-ea8bca4\" data-id=\"ea8bca4\" data-element_type=\"column\">\n\t\t\t<div class=\"elementor-widget-wrap elementor-element-populated\">\n\t\t\t\t\t\t<div class=\"elementor-element elementor-element-c32e7d4 elementor-widget elementor-widget-text-editor\" data-id=\"c32e7d4\" data-element_type=\"widget\" data-widget_type=\"text-editor.default\">\n\t\t\t\t<div class=\"elementor-widget-container\">\n\t\t\t\t\t\t\t<p>Am Samstag, 25. Mai 2019, spielte unsere Big Band zum Abschluss des Bad Rappenau Tages auf der Bundesgartenschau in Heilbronn. Auch wenn es vor dem Auftritt immer wieder leicht nieselte, waren die kompletten zwei Stunden, die wir spielten, erfreulicherweise regenfrei. Im Laufe des Auftritts wurde der Himmel immer blauer und das Wetter immer besser. So konnten wir mit zunehmender Dauer auch immer mehr interessierte Zuh\u00f6rer begr\u00fc\u00dfen, die es sich vor allem in den Liegest\u00fchlen rund um die B\u00fchne gem\u00fctlich machten.<\/p><p>Immer wieder konnten wir vorbeischlendernde Besucher der BUGA zum Verweilen bewegen und bekamen f\u00fcr unser vielseitiges Programm viel Applaus. Vor allem die Solos der Instrumentalisten, Timo Appenzeller und Nico Kohler bei ihren Gesangsnummern und selbstverst\u00e4ndlich unsere S\u00e4ngerin Pamela, konnten die Zuh\u00f6rer immer wieder zum Klatschen bewegen.<\/p><p>Als das Publikum um kurz nach 20:00 Uhr noch eine Zugabe wollte, machte unser Dirigent Thomas Fleck ihm einen Vorschlag. Wenn jeder, der ebenfalls mit dem Bus nach Bad Rappenau zur\u00fcckfahren wollte, ein bis zwei Teile unserer Ausr\u00fcstung mit zum Bus nimmt, k\u00f6nnten wir noch ein St\u00fcck spielen und es trotzdem p\u00fcnktlich zur Abfahrt des Busses schaffen. Das Publikum ging auf diesen Vorschlag ein, und so beendeten wir unseren Auftritt mit \u201eJust Haven\u2019t Met You Yet\u201c von Michael Bubl\u00e9. Das Publikum hielt sein Versprechen und wir konnten alle p\u00fcnktlich um 20:30 Uhr die R\u00fcckreise nach Bad Rappenau antreten.<\/p><p>An dieser Stelle noch einmal ein Danksch\u00f6n an unser Publikum f\u00fcr die freundliche Unterst\u00fctzung. Der n\u00e4chste Auftritt der Big Band findet beim Stadtfest in Bad Rappenau am Sonntag, 16. Juni, um 17:00 Uhr auf der B\u00fchne am Bahnhof statt.<br \/><br \/><\/p>\t\t\t\t\t\t<\/div>\n\t\t\t\t<\/div>\n\t\t\t\t\t<\/div>\n\t\t<\/div>\n\t\t\t\t\t<\/div>\n\t\t<\/section>\n\t\t\t\t<\/div>\n\t\t","protected":false},"excerpt":{"rendered":"<p>Am Samstag, 25. Mai 2019, spielte unsere Big Band zum Abschluss des Bad Rappenau Tages auf der Bundesgartenschau in Heilbronn. Auch wenn [&hellip;]<\/p>\n","protected":false},"author":3,"featured_media":345,"comment_status":"open","ping_status":"open","sticky":false,"template":"","format":"standard","meta":{"footnotes":""},"categories":[1],"tags":[],"class_list":["post-340","post","type-post","status-publish","format-standard","has-post-thumbnail","hentry","category-allgemein"],"_links":{"self":[{"href":"https:\/\/mvgrombach.de\/bigband\/wp-json\/wp\/v2\/posts\/340"}],"collection":[{"href":"https:\/\/mvgrombach.de\/bigband\/wp-json\/wp\/v2\/posts"}],"about":[{"href":"https:\/\/mvgrombach.de\/bigband\/wp-json\/wp\/v2\/types\/post"}],"author":[{"embeddable":true,"href":"https:\/\/mvgrombach.de\/bigband\/wp-json\/wp\/v2\/users\/3"}],"replies":[{"embeddable":true,"href":"https:\/\/mvgrombach.de\/bigband\/wp-json\/wp\/v2\/comments?post=340"}],"version-history":[{"count":4,"href":"https:\/\/mvgrombach.de\/bigband\/wp-json\/wp\/v2\/posts\/340\/revisions"}],"predecessor-version":[{"id":344,"href":"https:\/\/mvgrombach.de\/bigband\/wp-json\/wp\/v2\/posts\/340\/revisions\/344"}],"wp:featuredmedia":[{"embeddable":true,"href":"https:\/\/mvgrombach.de\/bigband\/wp-json\/wp\/v2\/media\/345"}],"wp:attachment":[{"href":"https:\/\/mvgrombach.de\/bigband\/wp-json\/wp\/v2\/media?parent=340"}],"wp:term":[{"taxonomy":"category","embeddable":true,"href":"https:\/\/mvgrombach.de\/bigband\/wp-json\/wp\/v2\/categories?post=340"},{"taxonomy":"post_tag","embeddable":true,"href":"https:\/\/mvgrombach.de\/bigband\/wp-json\/wp\/v2\/tags?post=340"}],"curies":[{"name":"wp","href":"https:\/\/api.w.org\/{rel}","templated":true}]}}