{"id":440,"date":"2019-10-14T21:05:08","date_gmt":"2019-10-14T19:05:08","guid":{"rendered":"https:\/\/mvgrombach.de\/bigband\/?p=440"},"modified":"2021-03-24T19:26:11","modified_gmt":"2021-03-24T18:26:11","slug":"probenwochenende-der-mvg-big-band","status":"publish","type":"post","link":"https:\/\/mvgrombach.de\/bigband\/2019\/10\/probenwochenende-der-mvg-big-band\/","title":{"rendered":"Probenwochenende der MVG Big Band"},"content":{"rendered":"\t\t<div data-elementor-type=\"wp-post\" data-elementor-id=\"440\" class=\"elementor elementor-440\">\n\t\t\t\t\t\t<section class=\"elementor-section elementor-top-section elementor-element elementor-element-ef2e59e elementor-section-boxed elementor-section-height-default elementor-section-height-default\" data-id=\"ef2e59e\" data-element_type=\"section\">\n\t\t\t\t\t\t<div class=\"elementor-container elementor-column-gap-default\">\n\t\t\t\t\t<div class=\"elementor-column elementor-col-100 elementor-top-column elementor-element elementor-element-111747f\" data-id=\"111747f\" data-element_type=\"column\">\n\t\t\t<div class=\"elementor-widget-wrap elementor-element-populated\">\n\t\t\t\t\t\t<div class=\"elementor-element elementor-element-79d18f0 elementor-widget elementor-widget-text-editor\" data-id=\"79d18f0\" data-element_type=\"widget\" data-widget_type=\"text-editor.default\">\n\t\t\t\t<div class=\"elementor-widget-container\">\n\t\t\t\t\t\t\t<p class=\"MsoNormal\">In etwas mehr als 3 Wochen findet das Big Band Doppelkonzert in der Grombacher Schlo\u00dfberghalle statt. Damit wir uns an diesem Abend von unserer besten Seite zeigen k\u00f6nnen, haben die Musiker das vergangene Wochenende genutzt, um sich ausw\u00e4rts intensiv auf diesen Auftritt vorzubereiten. Zwei Tage lange haben wir uns in Reichardtshausen ganz auf die Musik konzentriert. So konnten wir noch viele Details verbessern und die Abl\u00e4ufe optimieren.<\/p><p class=\"MsoNormal\">Bei der abschlie\u00dfenden Probe am Sonntag war der Dirigent sehr zufrieden mit dem was wir erreicht haben. Die einzelnen Register spielen jetzt noch pr\u00e4ziser zusammen, der Sound ist ausgewogen, und schon in den Proben hatten wir einige G\u00e4nsehautmomente. Der Klang wechselt zwischen gef\u00fchlvollen und energiegeladenen Passagen hin und her und man merkt, wie sehr sich die Musiker darauf freuen, diese St\u00fccke endlich vor Publikum pr\u00e4sentieren zu k\u00f6nnen.<\/p>\t\t\t\t\t\t<\/div>\n\t\t\t\t<\/div>\n\t\t\t\t<div class=\"elementor-element elementor-element-77e8bbd elementor-widget elementor-widget-text-editor\" data-id=\"77e8bbd\" data-element_type=\"widget\" data-widget_type=\"text-editor.default\">\n\t\t\t\t<div class=\"elementor-widget-container\">\n\t\t\t\t\t\t\t<p class=\"MsoNormal\">Wir sind uns sicher, dass wir es schaffen werden, dass sich beim Konzert auch bei unseren Zuh\u00f6rern die im Motto des Konzertes angek\u00fcndigten \u201aGro\u00dfen Gef\u00fchle\u2018 einstellen werden. Mit Titel von Frank Sinatra, Michael Bubl\u00e9, Roger Cicero, Ray Charles und Bruno Mars haben wir viele unterschiedliche Gef\u00fchle dabei. Egal ob mit unserer S\u00e4ngerin Pamela, einem unserer drei m\u00e4nnlichen Gesangstalenten oder auch instrumental, wir werden alles mit ganz viel Gef\u00fchl spielen. Dieses Konzert wird etwas ganz besonderes, dass man auf keinen Fall verpassen sollte.<\/p>\t\t\t\t\t\t<\/div>\n\t\t\t\t<\/div>\n\t\t\t\t\t<\/div>\n\t\t<\/div>\n\t\t\t\t\t<\/div>\n\t\t<\/section>\n\t\t\t\t<\/div>\n\t\t","protected":false},"excerpt":{"rendered":"<p>In etwas mehr als 3 Wochen findet das Big Band Doppelkonzert in der Grombacher Schlo\u00dfberghalle statt. Damit wir uns an diesem Abend [&hellip;]<\/p>\n","protected":false},"author":4,"featured_media":442,"comment_status":"open","ping_status":"open","sticky":false,"template":"","format":"standard","meta":{"footnotes":""},"categories":[1],"tags":[],"class_list":["post-440","post","type-post","status-publish","format-standard","has-post-thumbnail","hentry","category-allgemein"],"_links":{"self":[{"href":"https:\/\/mvgrombach.de\/bigband\/wp-json\/wp\/v2\/posts\/440"}],"collection":[{"href":"https:\/\/mvgrombach.de\/bigband\/wp-json\/wp\/v2\/posts"}],"about":[{"href":"https:\/\/mvgrombach.de\/bigband\/wp-json\/wp\/v2\/types\/post"}],"author":[{"embeddable":true,"href":"https:\/\/mvgrombach.de\/bigband\/wp-json\/wp\/v2\/users\/4"}],"replies":[{"embeddable":true,"href":"https:\/\/mvgrombach.de\/bigband\/wp-json\/wp\/v2\/comments?post=440"}],"version-history":[{"count":3,"href":"https:\/\/mvgrombach.de\/bigband\/wp-json\/wp\/v2\/posts\/440\/revisions"}],"predecessor-version":[{"id":503,"href":"https:\/\/mvgrombach.de\/bigband\/wp-json\/wp\/v2\/posts\/440\/revisions\/503"}],"wp:featuredmedia":[{"embeddable":true,"href":"https:\/\/mvgrombach.de\/bigband\/wp-json\/wp\/v2\/media\/442"}],"wp:attachment":[{"href":"https:\/\/mvgrombach.de\/bigband\/wp-json\/wp\/v2\/media?parent=440"}],"wp:term":[{"taxonomy":"category","embeddable":true,"href":"https:\/\/mvgrombach.de\/bigband\/wp-json\/wp\/v2\/categories?post=440"},{"taxonomy":"post_tag","embeddable":true,"href":"https:\/\/mvgrombach.de\/bigband\/wp-json\/wp\/v2\/tags?post=440"}],"curies":[{"name":"wp","href":"https:\/\/api.w.org\/{rel}","templated":true}]}}