{"id":513,"date":"2021-10-21T11:09:47","date_gmt":"2021-10-21T09:09:47","guid":{"rendered":"https:\/\/mvgrombach.de\/bigband\/?p=513"},"modified":"2021-11-01T16:49:11","modified_gmt":"2021-11-01T15:49:11","slug":"open-air-konzert-mit-der-mvg-big-band","status":"publish","type":"post","link":"https:\/\/mvgrombach.de\/bigband\/2021\/10\/open-air-konzert-mit-der-mvg-big-band\/","title":{"rendered":"Open-Air-Konzert mit der MVG Big Band"},"content":{"rendered":"\t\t<div data-elementor-type=\"wp-post\" data-elementor-id=\"513\" class=\"elementor elementor-513\">\n\t\t\t\t\t\t<section class=\"elementor-section elementor-top-section elementor-element elementor-element-844c1ca elementor-section-boxed elementor-section-height-default elementor-section-height-default\" data-id=\"844c1ca\" data-element_type=\"section\">\n\t\t\t\t\t\t<div class=\"elementor-container elementor-column-gap-default\">\n\t\t\t\t\t<div class=\"elementor-column elementor-col-100 elementor-top-column elementor-element elementor-element-ca3afd3\" data-id=\"ca3afd3\" data-element_type=\"column\">\n\t\t\t<div class=\"elementor-widget-wrap\">\n\t\t\t\t\t\t\t<\/div>\n\t\t<\/div>\n\t\t\t\t\t<\/div>\n\t\t<\/section>\n\t\t\t\t<section class=\"elementor-section elementor-top-section elementor-element elementor-element-3d775cfe elementor-section-boxed elementor-section-height-default elementor-section-height-default\" data-id=\"3d775cfe\" data-element_type=\"section\">\n\t\t\t\t\t\t<div class=\"elementor-container elementor-column-gap-default\">\n\t\t\t\t\t<div class=\"elementor-column elementor-col-100 elementor-top-column elementor-element elementor-element-345dfa4a\" data-id=\"345dfa4a\" data-element_type=\"column\">\n\t\t\t<div class=\"elementor-widget-wrap elementor-element-populated\">\n\t\t\t\t\t\t<div class=\"elementor-element elementor-element-8b2e89c elementor-widget elementor-widget-text-editor\" data-id=\"8b2e89c\" data-element_type=\"widget\" data-widget_type=\"text-editor.default\">\n\t\t\t\t<div class=\"elementor-widget-container\">\n\t\t\t\t\t\t\t<p>Bei strahlendem Sonnenschein durfte die MVG Big Band am Sonntag, den 10.Oktober p\u00fcnktlich um 15:30 Uhr endlich wieder einmal vor Publikum auftreten. Das kurzfristig geplante und durchgef\u00fchrte Open-Air Konzert auf dem Dorfplatz wurde von der Bev\u00f6lkerung sehr gut angenommen. Viele bekannte Gesichter aus nah und fern hatten sich eingefunden, um sich diesen ersten Auftritt seit langem nicht entgehen zu lassen.<\/p>\n<p>Der Dirigent Thomas Fleck hatte f\u00fcr diesen Nachmittag ein Programm mit vielen bekannten Liedern zusammengestellt. Besonders freuten sich die Musiker, dass sie nach der langen Pause endlich die beiden neuen St\u00fccke \u201aYou Are The Sunshine Of My Life\u2018 und \u201aSway\u2018 pr\u00e4sentieren durften. Da wir seit Dezember 2019 keinen Auftritt mehr hatten, dauerte es zwischen der ersten Probe und der Auff\u00fchrung dieser beiden St\u00fccke \u00fcber 20 Monate.<\/p>\n<p>Auch wenn die Band am Anfang noch etwas nerv\u00f6s war, wurden die Musiker von St\u00fcck zu St\u00fcck immer lockerer und die Spielfreude war immer deutlicher zu h\u00f6ren. Bei coolen Solos und fetten Bl\u00e4sers\u00e4tzen zeigten die Musiker immer wieder, was eine Big Band ausmacht. Egal ob lateinamerikanische Rhythmen wie \u201aThe Girl From Ipanema\u2019 oder \u201aThe Look Of Love\u2019; Swing-Nummern wie \u2018Beyond The Sea\u2019 oder \u2018The Way You Look Tonight\u2018, die Band wechselte immer wieder zwischen den verschiedenen Stilrichtungen und so wurde es dem Publikum zu keinem Zeitpunkt langweilig.<\/p>\t\t\t\t\t\t<\/div>\n\t\t\t\t<\/div>\n\t\t\t\t<div class=\"elementor-element elementor-element-bfbde39 elementor-widget elementor-widget-image\" data-id=\"bfbde39\" data-element_type=\"widget\" data-widget_type=\"image.default\">\n\t\t\t\t<div class=\"elementor-widget-container\">\n\t\t\t\t\t\t\t\t\t\t\t\t\t<img fetchpriority=\"high\" decoding=\"async\" width=\"1024\" height=\"685\" src=\"https:\/\/mvgrombach.de\/bigband\/wp-content\/uploads\/2021\/10\/Gruppenbild-1024x685.jpeg\" class=\"attachment-large size-large wp-image-516\" alt=\"\" srcset=\"https:\/\/mvgrombach.de\/bigband\/wp-content\/uploads\/2021\/10\/Gruppenbild-1024x685.jpeg 1024w, https:\/\/mvgrombach.de\/bigband\/wp-content\/uploads\/2021\/10\/Gruppenbild-300x201.jpeg 300w, https:\/\/mvgrombach.de\/bigband\/wp-content\/uploads\/2021\/10\/Gruppenbild-768x514.jpeg 768w, https:\/\/mvgrombach.de\/bigband\/wp-content\/uploads\/2021\/10\/Gruppenbild-830x555.jpeg 830w, https:\/\/mvgrombach.de\/bigband\/wp-content\/uploads\/2021\/10\/Gruppenbild-230x154.jpeg 230w, https:\/\/mvgrombach.de\/bigband\/wp-content\/uploads\/2021\/10\/Gruppenbild-350x234.jpeg 350w, https:\/\/mvgrombach.de\/bigband\/wp-content\/uploads\/2021\/10\/Gruppenbild-480x321.jpeg 480w, https:\/\/mvgrombach.de\/bigband\/wp-content\/uploads\/2021\/10\/Gruppenbild.jpeg 1153w\" sizes=\"(max-width: 1024px) 100vw, 1024px\" \/>\t\t\t\t\t\t\t\t\t\t\t\t\t<\/div>\n\t\t\t\t<\/div>\n\t\t\t\t<div class=\"elementor-element elementor-element-9bd5470 elementor-widget elementor-widget-text-editor\" data-id=\"9bd5470\" data-element_type=\"widget\" data-widget_type=\"text-editor.default\">\n\t\t\t\t<div class=\"elementor-widget-container\">\n\t\t\t\t\t\t\t<p>Bei diesem Konzert setzte die Band einmal mehr auf viele Gesangsnummern, die unsere S\u00e4ngerin Pamela Braccia wie gewohnt souver\u00e4n meisterte. Egal ob die Ballade \u201aOver The Rainbow\u2018, \u201aShine My Shoes\u2018 von Robbie Williams oder \u201aHaven\u2019t Met You Yet\u2018 von Michael Bubl\u00e9, Pamela und die MVG Big Band zeigten, welch gro\u00dfe Bandbreite sie inzwischen abdecken k\u00f6nnen.<\/p>\n<p>Am Ende des Konzertes durften die Zuh\u00f6rer dann bei \u201aHooked On A Feeling\u2018 und \u201aFever\u2018 noch flei\u00dfig mitmachen und hatten sich hierf\u00fcr eine Zugabe verdient. Bei \u201aUptwon Funk\u2018 von Bruno Mars schallte es dann noch einmal lautstark \u201aHot Dam\u2018n\u2018 aus den Reihen der Zuh\u00f6rer, bevor die Band gl\u00fccklich und ersch\u00f6pft das Konzert beendete.<\/p>\t\t\t\t\t\t<\/div>\n\t\t\t\t<\/div>\n\t\t\t\t<div class=\"elementor-element elementor-element-758260a elementor-widget elementor-widget-image\" data-id=\"758260a\" data-element_type=\"widget\" data-widget_type=\"image.default\">\n\t\t\t\t<div class=\"elementor-widget-container\">\n\t\t\t\t\t\t\t\t\t\t\t\t\t<img decoding=\"async\" width=\"1024\" height=\"575\" src=\"https:\/\/mvgrombach.de\/bigband\/wp-content\/uploads\/2021\/10\/HP01-1024x575.jpeg\" class=\"attachment-large size-large wp-image-517\" alt=\"\" srcset=\"https:\/\/mvgrombach.de\/bigband\/wp-content\/uploads\/2021\/10\/HP01-1024x575.jpeg 1024w, https:\/\/mvgrombach.de\/bigband\/wp-content\/uploads\/2021\/10\/HP01-300x168.jpeg 300w, https:\/\/mvgrombach.de\/bigband\/wp-content\/uploads\/2021\/10\/HP01-768x431.jpeg 768w, https:\/\/mvgrombach.de\/bigband\/wp-content\/uploads\/2021\/10\/HP01-830x466.jpeg 830w, https:\/\/mvgrombach.de\/bigband\/wp-content\/uploads\/2021\/10\/HP01-230x129.jpeg 230w, https:\/\/mvgrombach.de\/bigband\/wp-content\/uploads\/2021\/10\/HP01-350x196.jpeg 350w, https:\/\/mvgrombach.de\/bigband\/wp-content\/uploads\/2021\/10\/HP01-480x269.jpeg 480w, https:\/\/mvgrombach.de\/bigband\/wp-content\/uploads\/2021\/10\/HP01.jpeg 2048w\" sizes=\"(max-width: 1024px) 100vw, 1024px\" \/>\t\t\t\t\t\t\t\t\t\t\t\t\t<\/div>\n\t\t\t\t<\/div>\n\t\t\t\t<div class=\"elementor-element elementor-element-8f5a8f5 elementor-widget elementor-widget-text-editor\" data-id=\"8f5a8f5\" data-element_type=\"widget\" data-widget_type=\"text-editor.default\">\n\t\t\t\t<div class=\"elementor-widget-container\">\n\t\t\t\t\t\t\t<p>Die Band m\u00f6chte sich bei allen flei\u00dfige Helfern, die uns bei der Organisation und Durchf\u00fchrung des Konzertes unterst\u00fctzt haben, bedanken. Besonders gefreut haben wir uns \u00fcber die Spenden, die wir wie angek\u00fcndigt f\u00fcr die Verpflegung bei unserer Winterfeier verwenden werden.<\/p>\n<p>Der n\u00e4chste Auftritt der Band ist am 23.Oktober in Sinsheim beim 100-j\u00e4hrigen Jubil\u00e4um des Chorverbands. Anschlie\u00dfend werden wir uns auf unser Benefizkonzert am 05.Dezember im Kurhaus konzentrieren. Bei diesem Termin wollen wir mit einem weihnachtlichen Big Band Konzert, unter der Schirmherrschaft von OB Sebastian Frei, Geld f\u00fcr die Aktion \u201aMenschen in Not\u2018 der Heilbronner Stimme sammeln. Weitere Infos hierzu folgen noch. Es lohnt sich aber auf alle F\u00e4lle, sich diesen Termin schon einmal vorzumerken und freizuhalten.\u00a0\u00a0<\/p>\t\t\t\t\t\t<\/div>\n\t\t\t\t<\/div>\n\t\t\t\t\t<\/div>\n\t\t<\/div>\n\t\t\t\t\t<\/div>\n\t\t<\/section>\n\t\t\t\t<\/div>\n\t\t","protected":false},"excerpt":{"rendered":"<p>Bei strahlendem Sonnenschein durfte die MVG Big Band am Sonntag, den 10.Oktober p\u00fcnktlich um 15:30 Uhr endlich wieder einmal vor Publikum auftreten. [&hellip;]<\/p>\n","protected":false},"author":4,"featured_media":514,"comment_status":"open","ping_status":"open","sticky":false,"template":"","format":"standard","meta":{"footnotes":""},"categories":[1],"tags":[],"class_list":["post-513","post","type-post","status-publish","format-standard","has-post-thumbnail","hentry","category-allgemein"],"_links":{"self":[{"href":"https:\/\/mvgrombach.de\/bigband\/wp-json\/wp\/v2\/posts\/513"}],"collection":[{"href":"https:\/\/mvgrombach.de\/bigband\/wp-json\/wp\/v2\/posts"}],"about":[{"href":"https:\/\/mvgrombach.de\/bigband\/wp-json\/wp\/v2\/types\/post"}],"author":[{"embeddable":true,"href":"https:\/\/mvgrombach.de\/bigband\/wp-json\/wp\/v2\/users\/4"}],"replies":[{"embeddable":true,"href":"https:\/\/mvgrombach.de\/bigband\/wp-json\/wp\/v2\/comments?post=513"}],"version-history":[{"count":8,"href":"https:\/\/mvgrombach.de\/bigband\/wp-json\/wp\/v2\/posts\/513\/revisions"}],"predecessor-version":[{"id":527,"href":"https:\/\/mvgrombach.de\/bigband\/wp-json\/wp\/v2\/posts\/513\/revisions\/527"}],"wp:featuredmedia":[{"embeddable":true,"href":"https:\/\/mvgrombach.de\/bigband\/wp-json\/wp\/v2\/media\/514"}],"wp:attachment":[{"href":"https:\/\/mvgrombach.de\/bigband\/wp-json\/wp\/v2\/media?parent=513"}],"wp:term":[{"taxonomy":"category","embeddable":true,"href":"https:\/\/mvgrombach.de\/bigband\/wp-json\/wp\/v2\/categories?post=513"},{"taxonomy":"post_tag","embeddable":true,"href":"https:\/\/mvgrombach.de\/bigband\/wp-json\/wp\/v2\/tags?post=513"}],"curies":[{"name":"wp","href":"https:\/\/api.w.org\/{rel}","templated":true}]}}