{"id":530,"date":"2021-11-01T16:53:59","date_gmt":"2021-11-01T15:53:59","guid":{"rendered":"https:\/\/mvgrombach.de\/bigband\/?p=530"},"modified":"2021-11-01T16:56:29","modified_gmt":"2021-11-01T15:56:29","slug":"mvg-big-band-beim-jubilaeum-des-chorverbands-elsenzgau","status":"publish","type":"post","link":"https:\/\/mvgrombach.de\/bigband\/2021\/11\/mvg-big-band-beim-jubilaeum-des-chorverbands-elsenzgau\/","title":{"rendered":"MVG Big Band beim Jubil\u00e4um des Chorverbands Elsenzgau"},"content":{"rendered":"\t\t<div data-elementor-type=\"wp-post\" data-elementor-id=\"530\" class=\"elementor elementor-530\">\n\t\t\t\t\t\t<section class=\"elementor-section elementor-top-section elementor-element elementor-element-11061fb elementor-section-boxed elementor-section-height-default elementor-section-height-default\" data-id=\"11061fb\" data-element_type=\"section\">\n\t\t\t\t\t\t<div class=\"elementor-container elementor-column-gap-default\">\n\t\t\t\t\t<div class=\"elementor-column elementor-col-100 elementor-top-column elementor-element elementor-element-7288c99\" data-id=\"7288c99\" data-element_type=\"column\">\n\t\t\t<div class=\"elementor-widget-wrap elementor-element-populated\">\n\t\t\t\t\t\t<div class=\"elementor-element elementor-element-4912ae5 elementor-widget elementor-widget-text-editor\" data-id=\"4912ae5\" data-element_type=\"widget\" data-widget_type=\"text-editor.default\">\n\t\t\t\t<div class=\"elementor-widget-container\">\n\t\t\t\t\t\t\t<p>Am Samstag, den 23.Oktober feierte der Chorverband Elsenzgau sein 100-j\u00e4hriges Jubil\u00e4um in Sinsheim in der Dr.-Sieber-Halle. Vor dem eigentlichen Festakt begr\u00fc\u00dften wir die eintreffenden G\u00e4ste\u00a0 mit lockerer Unterhaltungsmusik im Big Band Sound. P\u00fcnktlich um 19:00 Uhr durften wir dann das offizielle Programm mit \u201aShine My Shoes\u2018 von Robbie Williams er\u00f6ffnen. Nach der Begr\u00fc\u00dfung konnte Pamela die anwesenden S\u00e4ngerinnen und S\u00e4nger bei \u201aOver The Rainbow\u2018 mit ihrer gef\u00fchlvollen Stimme in ihren Bann ziehen.<\/p><p>Bis zum zweiten Teil hatten wir dann Pause, bevor wir diesen mit dem \u201aUptown Funk\u2018 von Bruno Mars er\u00f6ffneten. F\u00fcr diesen zweiten Teil hatten wir zwei besondere St\u00fccke einstudiert. Gemeinsam mit den Choryfeen aus Kirchhardt, spielten wir in der selten zu h\u00f6renden Kombination von Frauenchor und Big Band zun\u00e4chst \u201aLullaby Of Broadway\u2018 und danach \u201aBei Mir Bist Du Schoen\u2018. Beide St\u00fccke kamen beim Publikum sehr gut an und wir ernteten viel Beifall f\u00fcr unsere Darbietung.<\/p>\t\t\t\t\t\t<\/div>\n\t\t\t\t<\/div>\n\t\t\t\t<div class=\"elementor-element elementor-element-db51a73 elementor-widget elementor-widget-image\" data-id=\"db51a73\" data-element_type=\"widget\" data-widget_type=\"image.default\">\n\t\t\t\t<div class=\"elementor-widget-container\">\n\t\t\t\t\t\t\t\t\t\t<figure class=\"wp-caption\">\n\t\t\t\t\t\t\t\t\t\t<img fetchpriority=\"high\" decoding=\"async\" width=\"878\" height=\"1024\" src=\"https:\/\/mvgrombach.de\/bigband\/wp-content\/uploads\/2021\/11\/Ehrung2021_004_MS-878x1024.jpg\" class=\"attachment-large size-large wp-image-531\" alt=\"\" srcset=\"https:\/\/mvgrombach.de\/bigband\/wp-content\/uploads\/2021\/11\/Ehrung2021_004_MS-878x1024.jpg 878w, https:\/\/mvgrombach.de\/bigband\/wp-content\/uploads\/2021\/11\/Ehrung2021_004_MS-257x300.jpg 257w, https:\/\/mvgrombach.de\/bigband\/wp-content\/uploads\/2021\/11\/Ehrung2021_004_MS-768x896.jpg 768w, https:\/\/mvgrombach.de\/bigband\/wp-content\/uploads\/2021\/11\/Ehrung2021_004_MS-830x969.jpg 830w, https:\/\/mvgrombach.de\/bigband\/wp-content\/uploads\/2021\/11\/Ehrung2021_004_MS-230x268.jpg 230w, https:\/\/mvgrombach.de\/bigband\/wp-content\/uploads\/2021\/11\/Ehrung2021_004_MS-350x408.jpg 350w, https:\/\/mvgrombach.de\/bigband\/wp-content\/uploads\/2021\/11\/Ehrung2021_004_MS-480x560.jpg 480w\" sizes=\"(max-width: 878px) 100vw, 878px\" \/>\t\t\t\t\t\t\t\t\t\t\t<figcaption class=\"widget-image-caption wp-caption-text\">Pamela - Foto: J. Heitel<\/figcaption>\n\t\t\t\t\t\t\t\t\t\t<\/figure>\n\t\t\t\t\t\t\t<\/div>\n\t\t\t\t<\/div>\n\t\t\t\t<div class=\"elementor-element elementor-element-ace84c4 elementor-widget elementor-widget-text-editor\" data-id=\"ace84c4\" data-element_type=\"widget\" data-widget_type=\"text-editor.default\">\n\t\t\t\t<div class=\"elementor-widget-container\">\n\t\t\t\t\t\t\t<p>Von einer noch ungew\u00f6hnlichere Seite zeigt sich die Big Band dann bei den beiden Abschlussst\u00fccken. Der ganze Saal sang hierbei gemeinsam zu den Kl\u00e4ngen der MVG Big Band\u00a0 \u201aKein sch\u00f6ner Land in dieser Zeit\u2018 und die \u201aOde an die Freude\u2018. Wie bei einer Veranstaltung des Chorverbands zu erwarten, waren die S\u00e4ngerinnen und S\u00e4nger lautstark dabei und mit diesem beeindruckenden Klang endete der Jubil\u00e4umsabend.<\/p>\t\t\t\t\t\t<\/div>\n\t\t\t\t<\/div>\n\t\t\t\t<div class=\"elementor-element elementor-element-7492ca2 elementor-widget elementor-widget-image\" data-id=\"7492ca2\" data-element_type=\"widget\" data-widget_type=\"image.default\">\n\t\t\t\t<div class=\"elementor-widget-container\">\n\t\t\t\t\t\t\t\t\t\t<figure class=\"wp-caption\">\n\t\t\t\t\t\t\t\t\t\t<img decoding=\"async\" width=\"1024\" height=\"744\" src=\"https:\/\/mvgrombach.de\/bigband\/wp-content\/uploads\/2021\/11\/Ehrung2021_006_MS-1024x744.jpg\" class=\"attachment-large size-large wp-image-532\" alt=\"\" srcset=\"https:\/\/mvgrombach.de\/bigband\/wp-content\/uploads\/2021\/11\/Ehrung2021_006_MS-1024x744.jpg 1024w, https:\/\/mvgrombach.de\/bigband\/wp-content\/uploads\/2021\/11\/Ehrung2021_006_MS-300x218.jpg 300w, https:\/\/mvgrombach.de\/bigband\/wp-content\/uploads\/2021\/11\/Ehrung2021_006_MS-768x558.jpg 768w, https:\/\/mvgrombach.de\/bigband\/wp-content\/uploads\/2021\/11\/Ehrung2021_006_MS-830x603.jpg 830w, https:\/\/mvgrombach.de\/bigband\/wp-content\/uploads\/2021\/11\/Ehrung2021_006_MS-550x400.jpg 550w, https:\/\/mvgrombach.de\/bigband\/wp-content\/uploads\/2021\/11\/Ehrung2021_006_MS-230x167.jpg 230w, https:\/\/mvgrombach.de\/bigband\/wp-content\/uploads\/2021\/11\/Ehrung2021_006_MS-350x254.jpg 350w, https:\/\/mvgrombach.de\/bigband\/wp-content\/uploads\/2021\/11\/Ehrung2021_006_MS-480x349.jpg 480w, https:\/\/mvgrombach.de\/bigband\/wp-content\/uploads\/2021\/11\/Ehrung2021_006_MS.jpg 1512w\" sizes=\"(max-width: 1024px) 100vw, 1024px\" \/>\t\t\t\t\t\t\t\t\t\t\t<figcaption class=\"widget-image-caption wp-caption-text\">Foto: J. Heitel<\/figcaption>\n\t\t\t\t\t\t\t\t\t\t<\/figure>\n\t\t\t\t\t\t\t<\/div>\n\t\t\t\t<\/div>\n\t\t\t\t<div class=\"elementor-element elementor-element-4420204 elementor-widget elementor-widget-text-editor\" data-id=\"4420204\" data-element_type=\"widget\" data-widget_type=\"text-editor.default\">\n\t\t\t\t<div class=\"elementor-widget-container\">\n\t\t\t\t\t\t\t<p>Ab sofort befindet sich die Big Band im Weihnachtsmodus. In den n\u00e4chsten Wochen werden wir uns ganz auf die St\u00fccke f\u00fcr das Benefizkonzert im Kurhaus konzentrieren. Bis zum 05.Dezember haben wir noch einiges zu tun und wir freuen uns schon auf diesen Termin. Alle, die unsere Big Band gerne wieder einmal live mit unserem Weihnachtsprogramm h\u00f6ren m\u00f6chten, sollten sich dieses Datum vormerken. Der Kartenvorverkauf beginnt demn\u00e4chst und wir hoffen auf m\u00f6glichst viele Zuh\u00f6rer und eine hohe Spendensumme f\u00fcr die Aktion Menschen in Not.<\/p>\t\t\t\t\t\t<\/div>\n\t\t\t\t<\/div>\n\t\t\t\t\t<\/div>\n\t\t<\/div>\n\t\t\t\t\t<\/div>\n\t\t<\/section>\n\t\t\t\t<\/div>\n\t\t","protected":false},"excerpt":{"rendered":"<p>Am Samstag, den 23.Oktober feierte der Chorverband Elsenzgau sein 100-j\u00e4hriges Jubil\u00e4um in Sinsheim in der Dr.-Sieber-Halle. Vor dem eigentlichen Festakt begr\u00fc\u00dften wir [&hellip;]<\/p>\n","protected":false},"author":4,"featured_media":533,"comment_status":"open","ping_status":"open","sticky":false,"template":"","format":"standard","meta":{"footnotes":""},"categories":[1],"tags":[],"class_list":["post-530","post","type-post","status-publish","format-standard","has-post-thumbnail","hentry","category-allgemein"],"_links":{"self":[{"href":"https:\/\/mvgrombach.de\/bigband\/wp-json\/wp\/v2\/posts\/530"}],"collection":[{"href":"https:\/\/mvgrombach.de\/bigband\/wp-json\/wp\/v2\/posts"}],"about":[{"href":"https:\/\/mvgrombach.de\/bigband\/wp-json\/wp\/v2\/types\/post"}],"author":[{"embeddable":true,"href":"https:\/\/mvgrombach.de\/bigband\/wp-json\/wp\/v2\/users\/4"}],"replies":[{"embeddable":true,"href":"https:\/\/mvgrombach.de\/bigband\/wp-json\/wp\/v2\/comments?post=530"}],"version-history":[{"count":2,"href":"https:\/\/mvgrombach.de\/bigband\/wp-json\/wp\/v2\/posts\/530\/revisions"}],"predecessor-version":[{"id":535,"href":"https:\/\/mvgrombach.de\/bigband\/wp-json\/wp\/v2\/posts\/530\/revisions\/535"}],"wp:featuredmedia":[{"embeddable":true,"href":"https:\/\/mvgrombach.de\/bigband\/wp-json\/wp\/v2\/media\/533"}],"wp:attachment":[{"href":"https:\/\/mvgrombach.de\/bigband\/wp-json\/wp\/v2\/media?parent=530"}],"wp:term":[{"taxonomy":"category","embeddable":true,"href":"https:\/\/mvgrombach.de\/bigband\/wp-json\/wp\/v2\/categories?post=530"},{"taxonomy":"post_tag","embeddable":true,"href":"https:\/\/mvgrombach.de\/bigband\/wp-json\/wp\/v2\/tags?post=530"}],"curies":[{"name":"wp","href":"https:\/\/api.w.org\/{rel}","templated":true}]}}