{"id":574,"date":"2022-08-08T18:47:18","date_gmt":"2022-08-08T16:47:18","guid":{"rendered":"https:\/\/mvgrombach.de\/bigband\/?p=574"},"modified":"2022-08-08T18:47:18","modified_gmt":"2022-08-08T16:47:18","slug":"mvg-big-band-eroeffnet-das-parkfest-in-bad-rappenau","status":"publish","type":"post","link":"https:\/\/mvgrombach.de\/bigband\/2022\/08\/mvg-big-band-eroeffnet-das-parkfest-in-bad-rappenau\/","title":{"rendered":"MVG Big Band er\u00f6ffnet das Parkfest in Bad Rappenau"},"content":{"rendered":"\n<p>An einem perfekten Sommertag durfte die MVG Big Band am Samstag, den 06.Juli 2022 das Parkfest im Bad Rappenauer Kurpark er\u00f6ffnen. Um 17:00 Uhr legte eine strahlende Big Band vor einem gutgelaunten Publikum los.<\/p>\n\n\n\n<figure class=\"wp-block-image size-large\"><img fetchpriority=\"high\" decoding=\"async\" width=\"1024\" height=\"583\" src=\"https:\/\/mvgrombach.de\/bigband\/wp-content\/uploads\/2022\/08\/IMG_6819_klein-1024x583.jpg\" alt=\"\" class=\"wp-image-575\" srcset=\"https:\/\/mvgrombach.de\/bigband\/wp-content\/uploads\/2022\/08\/IMG_6819_klein-1024x583.jpg 1024w, https:\/\/mvgrombach.de\/bigband\/wp-content\/uploads\/2022\/08\/IMG_6819_klein-300x171.jpg 300w, https:\/\/mvgrombach.de\/bigband\/wp-content\/uploads\/2022\/08\/IMG_6819_klein-768x437.jpg 768w, https:\/\/mvgrombach.de\/bigband\/wp-content\/uploads\/2022\/08\/IMG_6819_klein-1536x874.jpg 1536w, https:\/\/mvgrombach.de\/bigband\/wp-content\/uploads\/2022\/08\/IMG_6819_klein-830x472.jpg 830w, https:\/\/mvgrombach.de\/bigband\/wp-content\/uploads\/2022\/08\/IMG_6819_klein-230x131.jpg 230w, https:\/\/mvgrombach.de\/bigband\/wp-content\/uploads\/2022\/08\/IMG_6819_klein-350x199.jpg 350w, https:\/\/mvgrombach.de\/bigband\/wp-content\/uploads\/2022\/08\/IMG_6819_klein-480x273.jpg 480w, https:\/\/mvgrombach.de\/bigband\/wp-content\/uploads\/2022\/08\/IMG_6819_klein.jpg 1919w\" sizes=\"(max-width: 1024px) 100vw, 1024px\" \/><\/figure>\n\n\n\n<p>Bei diesem Termin umrahmten wir die Abschlussveranstaltung zum Stadtradeln, die um 18:00 Uhr stattfand. Wie immer gab es von uns viele bekannte St\u00fccke im Big Band Sound zu h\u00f6ren. Mit St\u00fccken wie Skyfall, Beyond The Sea, Girl From Ipanema und Feeling Good konnte wir mit unserer S\u00e4ngerin Pamela einmal mehr zeigen, wie unterhaltsam und abwechslungsreich eine Big Band klingen kann.<\/p>\n\n\n\n<figure class=\"wp-block-image size-large\"><img decoding=\"async\" width=\"876\" height=\"1024\" src=\"https:\/\/mvgrombach.de\/bigband\/wp-content\/uploads\/2022\/08\/IMG_6825_klein-876x1024.jpg\" alt=\"\" class=\"wp-image-576\" srcset=\"https:\/\/mvgrombach.de\/bigband\/wp-content\/uploads\/2022\/08\/IMG_6825_klein-876x1024.jpg 876w, https:\/\/mvgrombach.de\/bigband\/wp-content\/uploads\/2022\/08\/IMG_6825_klein-257x300.jpg 257w, https:\/\/mvgrombach.de\/bigband\/wp-content\/uploads\/2022\/08\/IMG_6825_klein-768x898.jpg 768w, https:\/\/mvgrombach.de\/bigband\/wp-content\/uploads\/2022\/08\/IMG_6825_klein-1314x1536.jpg 1314w, https:\/\/mvgrombach.de\/bigband\/wp-content\/uploads\/2022\/08\/IMG_6825_klein-830x970.jpg 830w, https:\/\/mvgrombach.de\/bigband\/wp-content\/uploads\/2022\/08\/IMG_6825_klein-230x269.jpg 230w, https:\/\/mvgrombach.de\/bigband\/wp-content\/uploads\/2022\/08\/IMG_6825_klein-350x409.jpg 350w, https:\/\/mvgrombach.de\/bigband\/wp-content\/uploads\/2022\/08\/IMG_6825_klein-480x561.jpg 480w, https:\/\/mvgrombach.de\/bigband\/wp-content\/uploads\/2022\/08\/IMG_6825_klein.jpg 1339w\" sizes=\"(max-width: 876px) 100vw, 876px\" \/><\/figure>\n\n\n\n<p>Egal ob passend zum Wetter lateinamerikanisch Rhythmen, Swing oder Rock, es war f\u00fcr jeden Geschmack etwas dabei und wir erhielten viel Applaus. Bis 19:30 Uhr spielten wir vor einer st\u00e4ndig wachsenden Anzahl von Zuh\u00f6rern und freuen uns nach diesem gelungenen Auftritt auf unsere wohlverdiente Sommerpause. Nach der Sommerpause beginnt f\u00fcr die Band zumindest musikalisch dann die Weihnachtszeit. Im September starten wir mit der Probenarbeit f\u00fcr das Benefizkontert am 11.Dezember. Daf\u00fcr werden wir Stille Nacht, O Tannenbaum und viele andere Weihnachtslieder in ansprechenden Big Band Arrangements einstudieren und so ein Programm vorbereiten, dass den Namen \u201eChristmas Swing \u2013 Weinachtsieder im Big Band Sound\u2018 verdient.<\/p>\n\n\n\n<figure class=\"wp-block-image size-large\"><img decoding=\"async\" width=\"1024\" height=\"680\" src=\"https:\/\/mvgrombach.de\/bigband\/wp-content\/uploads\/2022\/08\/IMG_6823_klein-1024x680.jpg\" alt=\"\" class=\"wp-image-577\" srcset=\"https:\/\/mvgrombach.de\/bigband\/wp-content\/uploads\/2022\/08\/IMG_6823_klein-1024x680.jpg 1024w, https:\/\/mvgrombach.de\/bigband\/wp-content\/uploads\/2022\/08\/IMG_6823_klein-300x199.jpg 300w, https:\/\/mvgrombach.de\/bigband\/wp-content\/uploads\/2022\/08\/IMG_6823_klein-768x510.jpg 768w, https:\/\/mvgrombach.de\/bigband\/wp-content\/uploads\/2022\/08\/IMG_6823_klein-1536x1021.jpg 1536w, https:\/\/mvgrombach.de\/bigband\/wp-content\/uploads\/2022\/08\/IMG_6823_klein-830x551.jpg 830w, https:\/\/mvgrombach.de\/bigband\/wp-content\/uploads\/2022\/08\/IMG_6823_klein-230x153.jpg 230w, https:\/\/mvgrombach.de\/bigband\/wp-content\/uploads\/2022\/08\/IMG_6823_klein-350x233.jpg 350w, https:\/\/mvgrombach.de\/bigband\/wp-content\/uploads\/2022\/08\/IMG_6823_klein-480x319.jpg 480w, https:\/\/mvgrombach.de\/bigband\/wp-content\/uploads\/2022\/08\/IMG_6823_klein.jpg 1776w\" sizes=\"(max-width: 1024px) 100vw, 1024px\" \/><\/figure>\n","protected":false},"excerpt":{"rendered":"<p>An einem perfekten Sommertag durfte die MVG Big Band am Samstag, den 06.Juli 2022 das Parkfest im Bad Rappenauer Kurpark er\u00f6ffnen. Um [&hellip;]<\/p>\n","protected":false},"author":4,"featured_media":578,"comment_status":"open","ping_status":"open","sticky":false,"template":"","format":"standard","meta":{"footnotes":""},"categories":[1],"tags":[],"class_list":["post-574","post","type-post","status-publish","format-standard","has-post-thumbnail","hentry","category-allgemein"],"_links":{"self":[{"href":"https:\/\/mvgrombach.de\/bigband\/wp-json\/wp\/v2\/posts\/574"}],"collection":[{"href":"https:\/\/mvgrombach.de\/bigband\/wp-json\/wp\/v2\/posts"}],"about":[{"href":"https:\/\/mvgrombach.de\/bigband\/wp-json\/wp\/v2\/types\/post"}],"author":[{"embeddable":true,"href":"https:\/\/mvgrombach.de\/bigband\/wp-json\/wp\/v2\/users\/4"}],"replies":[{"embeddable":true,"href":"https:\/\/mvgrombach.de\/bigband\/wp-json\/wp\/v2\/comments?post=574"}],"version-history":[{"count":1,"href":"https:\/\/mvgrombach.de\/bigband\/wp-json\/wp\/v2\/posts\/574\/revisions"}],"predecessor-version":[{"id":579,"href":"https:\/\/mvgrombach.de\/bigband\/wp-json\/wp\/v2\/posts\/574\/revisions\/579"}],"wp:featuredmedia":[{"embeddable":true,"href":"https:\/\/mvgrombach.de\/bigband\/wp-json\/wp\/v2\/media\/578"}],"wp:attachment":[{"href":"https:\/\/mvgrombach.de\/bigband\/wp-json\/wp\/v2\/media?parent=574"}],"wp:term":[{"taxonomy":"category","embeddable":true,"href":"https:\/\/mvgrombach.de\/bigband\/wp-json\/wp\/v2\/categories?post=574"},{"taxonomy":"post_tag","embeddable":true,"href":"https:\/\/mvgrombach.de\/bigband\/wp-json\/wp\/v2\/tags?post=574"}],"curies":[{"name":"wp","href":"https:\/\/api.w.org\/{rel}","templated":true}]}}